{"id":1202,"date":"2018-03-26T14:40:26","date_gmt":"2018-03-26T12:40:26","guid":{"rendered":"http:\/\/www.joerg-neidig.de\/wordpress\/?p=1202"},"modified":"2018-03-27T03:57:36","modified_gmt":"2018-03-27T01:57:36","slug":"1202","status":"publish","type":"post","link":"https:\/\/www.joerg-neidig.de\/wordpress\/?p=1202","title":{"rendered":"Buchara, 1. Tag"},"content":{"rendered":"<p>Nachdem wir gestern von Buchara nur Hotel und Restaurant gesehen hatten, haben wir jetzt einen dichtgepackten Besichtigungstag hingelegt. Insgesamt war der Tag aber eher eine gemischte Erfahrung. Der Streifzug \u00fcber den Basar war wieder ein Erlebnis, und H\u00f6hepunkt waren nat\u00fcrlich die historischen St\u00e4tten.<\/p>\n<p>Aber nicht jede Moschee oder Medresse begeistert, denn so langsam machen sich wiederholende Elemente bemerkbar und eine gewisse S\u00e4ttigung tritt auf. Die Zitadelle war von au\u00dfen beeindruckend, aber von innen eher entt\u00e4uschend. Die Miri-Arab-Medresse und Moschee und Minarett Kalon waren absolut umwerfend. Ich hatte vor dem Urlaub nicht erwartet eine solche Pracht zu sehen zu bekommen.<\/p>\n<p>Dass wir danach zu einem Teppichh\u00e4ndler, Kunstmaler und eine als Folklore-show verkappte Verkaufsveranstaltung geschleppt wurden war f\u00fcr mich der gef\u00fchlte Tiefpunkt der Reise. Dass wir bei der Show noch bei den Getr\u00e4nken abgezockt wurden, und dass einige Mitreisende der restlichen Gruppe mehrere Stunden durch Klamotten-Kaufaktionen gestohlen haben, hat nicht zur Verbesserung meiner Stimmung beigetragen.<\/p>\n<p>Das gemeinsame Abendessen (allerdings ohne Guide, da dieser sich anscheinend wichtigeren Dingen zuwenden musste) mit dem Nationalgericht &#8222;Plov&#8220; hat aber f\u00fcr vieles entsch\u00e4digt.<\/p>\n","protected":false},"excerpt":{"rendered":"<p>Nachdem wir gestern von Buchara nur Hotel und Restaurant gesehen hatten, haben wir jetzt einen dichtgepackten Besichtigungstag hingelegt. Insgesamt war der Tag aber eher eine gemischte Erfahrung. Der Streifzug \u00fcber den Basar war wieder ein Erlebnis, und H\u00f6hepunkt waren nat\u00fcrlich die historischen St\u00e4tten. Aber nicht jede Moschee oder Medresse begeistert, denn so langsam machen sich &hellip; <\/p>\n<p class=\"link-more\"><a href=\"https:\/\/www.joerg-neidig.de\/wordpress\/?p=1202\" class=\"more-link\"><span class=\"screen-reader-text\">\u201eBuchara, 1. Tag\u201c <\/span>weiterlesen<\/a><\/p>\n","protected":false},"author":1,"featured_media":0,"comment_status":"open","ping_status":"open","sticky":false,"template":"","format":"standard","meta":{"jetpack_post_was_ever_published":false,"_jetpack_newsletter_access":"","_jetpack_dont_email_post_to_subs":false,"_jetpack_newsletter_tier_id":0,"_jetpack_memberships_contains_paywalled_content":false,"_jetpack_memberships_contains_paid_content":false,"footnotes":""},"categories":[1],"tags":[241,238,270,239,240,237,24,234],"class_list":["post-1202","post","type-post","status-publish","format-standard","hentry","category-kram","tag-ark","tag-buchara","tag-kram","tag-medresse","tag-moschee","tag-plov","tag-urlaub","tag-usbekistan"],"jetpack_featured_media_url":"","jetpack_shortlink":"https:\/\/wp.me\/s7dzRm-1202","jetpack_sharing_enabled":true,"_links":{"self":[{"href":"https:\/\/www.joerg-neidig.de\/wordpress\/index.php?rest_route=\/wp\/v2\/posts\/1202","targetHints":{"allow":["GET"]}}],"collection":[{"href":"https:\/\/www.joerg-neidig.de\/wordpress\/index.php?rest_route=\/wp\/v2\/posts"}],"about":[{"href":"https:\/\/www.joerg-neidig.de\/wordpress\/index.php?rest_route=\/wp\/v2\/types\/post"}],"author":[{"embeddable":true,"href":"https:\/\/www.joerg-neidig.de\/wordpress\/index.php?rest_route=\/wp\/v2\/users\/1"}],"replies":[{"embeddable":true,"href":"https:\/\/www.joerg-neidig.de\/wordpress\/index.php?rest_route=%2Fwp%2Fv2%2Fcomments&post=1202"}],"version-history":[{"count":4,"href":"https:\/\/www.joerg-neidig.de\/wordpress\/index.php?rest_route=\/wp\/v2\/posts\/1202\/revisions"}],"predecessor-version":[{"id":1207,"href":"https:\/\/www.joerg-neidig.de\/wordpress\/index.php?rest_route=\/wp\/v2\/posts\/1202\/revisions\/1207"}],"wp:attachment":[{"href":"https:\/\/www.joerg-neidig.de\/wordpress\/index.php?rest_route=%2Fwp%2Fv2%2Fmedia&parent=1202"}],"wp:term":[{"taxonomy":"category","embeddable":true,"href":"https:\/\/www.joerg-neidig.de\/wordpress\/index.php?rest_route=%2Fwp%2Fv2%2Fcategories&post=1202"},{"taxonomy":"post_tag","embeddable":true,"href":"https:\/\/www.joerg-neidig.de\/wordpress\/index.php?rest_route=%2Fwp%2Fv2%2Ftags&post=1202"}],"curies":[{"name":"wp","href":"https:\/\/api.w.org\/{rel}","templated":true}]}}