{"id":149,"date":"2007-06-24T22:31:54","date_gmt":"2007-06-24T20:31:54","guid":{"rendered":"http:\/\/www.joerg-neidig.de\/wordpress\/?p=149"},"modified":"2007-06-24T22:31:54","modified_gmt":"2007-06-24T20:31:54","slug":"urlaubsplanung","status":"publish","type":"post","link":"https:\/\/www.joerg-neidig.de\/wordpress\/?p=149","title":{"rendered":"Urlaubsplanung"},"content":{"rendered":"<p>Kaum ist der letzte Kurzurlaub nach Ungarn vorbei starten die Vorbereitungen f\u00fcr den Sommerurlaub. Ein ehemaliger Kollege hat mehrmals versucht mich von einem Segelurlaub zu \u00fcberzeugen und letztendlich habe ich dann gerne \u00fcberreden lassen. Da ich allerdings keine Ahnung habe was da so auf mich zu kommt, habe ich schon ein wenig Bammel. Geplant ist ein Tourn von R\u00fcgen bis nach Stockholm und wieder zur\u00fcck. Dabei ist eingeplant, dass pro Strecke etwa 4 Tage ununterbrochen auf See verbracht werden. Also, wenn ich nach diesem Urlaub keine Ahnung vom Segeln habe, dann lerne ich es auch nicht mehr. \ud83d\ude42<\/p>\n","protected":false},"excerpt":{"rendered":"<p>Kaum ist der letzte Kurzurlaub nach Ungarn vorbei starten die Vorbereitungen f\u00fcr den Sommerurlaub. Ein ehemaliger Kollege hat mehrmals versucht mich von einem Segelurlaub zu \u00fcberzeugen und letztendlich habe ich dann gerne \u00fcberreden lassen. Da ich allerdings keine Ahnung habe was da so auf mich zu kommt, habe ich schon ein wenig Bammel. Geplant ist &hellip; <\/p>\n<p class=\"link-more\"><a href=\"https:\/\/www.joerg-neidig.de\/wordpress\/?p=149\" class=\"more-link\"><span class=\"screen-reader-text\">\u201eUrlaubsplanung\u201c <\/span>weiterlesen<\/a><\/p>\n","protected":false},"author":1,"featured_media":0,"comment_status":"open","ping_status":"open","sticky":false,"template":"","format":"standard","meta":{"jetpack_post_was_ever_published":false,"_jetpack_newsletter_access":"","_jetpack_dont_email_post_to_subs":false,"_jetpack_newsletter_tier_id":0,"_jetpack_memberships_contains_paywalled_content":false,"_jetpack_memberships_contains_paid_content":false,"footnotes":""},"categories":[1],"tags":[270],"class_list":["post-149","post","type-post","status-publish","format-standard","hentry","category-kram","tag-kram"],"jetpack_featured_media_url":"","jetpack_shortlink":"https:\/\/wp.me\/p7dzRm-2p","jetpack_sharing_enabled":true,"_links":{"self":[{"href":"https:\/\/www.joerg-neidig.de\/wordpress\/index.php?rest_route=\/wp\/v2\/posts\/149","targetHints":{"allow":["GET"]}}],"collection":[{"href":"https:\/\/www.joerg-neidig.de\/wordpress\/index.php?rest_route=\/wp\/v2\/posts"}],"about":[{"href":"https:\/\/www.joerg-neidig.de\/wordpress\/index.php?rest_route=\/wp\/v2\/types\/post"}],"author":[{"embeddable":true,"href":"https:\/\/www.joerg-neidig.de\/wordpress\/index.php?rest_route=\/wp\/v2\/users\/1"}],"replies":[{"embeddable":true,"href":"https:\/\/www.joerg-neidig.de\/wordpress\/index.php?rest_route=%2Fwp%2Fv2%2Fcomments&post=149"}],"version-history":[{"count":0,"href":"https:\/\/www.joerg-neidig.de\/wordpress\/index.php?rest_route=\/wp\/v2\/posts\/149\/revisions"}],"wp:attachment":[{"href":"https:\/\/www.joerg-neidig.de\/wordpress\/index.php?rest_route=%2Fwp%2Fv2%2Fmedia&parent=149"}],"wp:term":[{"taxonomy":"category","embeddable":true,"href":"https:\/\/www.joerg-neidig.de\/wordpress\/index.php?rest_route=%2Fwp%2Fv2%2Fcategories&post=149"},{"taxonomy":"post_tag","embeddable":true,"href":"https:\/\/www.joerg-neidig.de\/wordpress\/index.php?rest_route=%2Fwp%2Fv2%2Ftags&post=149"}],"curies":[{"name":"wp","href":"https:\/\/api.w.org\/{rel}","templated":true}]}}