{"id":1499,"date":"2023-09-03T14:48:38","date_gmt":"2023-09-03T12:48:38","guid":{"rendered":"https:\/\/www.joerg-neidig.de\/wordpress\/?p=1499"},"modified":"2023-09-04T18:19:30","modified_gmt":"2023-09-04T16:19:30","slug":"schlammbaden-in-wacken","status":"publish","type":"post","link":"https:\/\/www.joerg-neidig.de\/wordpress\/?p=1499","title":{"rendered":"Schlammbaden in Wacken"},"content":{"rendered":"\n<p>Wacken ist ein Erlebnis und in 2023 war es ein Erlebnis der ganz besonderen Art. Ich geh\u00f6rte zu den gl\u00fccklichen 50.000 Besuchern, die es trotz der widrigen Umst\u00e4nde geschafft haben, auf das Gel\u00e4nde zu kommen. Leider war dies nicht allen Ticketinhabern geg\u00f6nnt. Umso gr\u00f6\u00dfer war meiner Meinung nach  der Zusammenhalt der Besucher. Auf jedem anderen Konzert h\u00e4tten diese Umst\u00e4nde mit Sicherheit zu sehr h\u00e4sslichen Szenen gef\u00fchrt, aber hier hielten die Fans stoisch, geduldig und mit viel Humor durch. <\/p>\n\n\n\n<figure class=\"wp-block-image size-large\"><a href=\"https:\/\/www.joerg-neidig.de\/wordpress\/wp-content\/uploads\/2023\/09\/PXL_20230805_082636912-scaled.jpg\"><img loading=\"lazy\" decoding=\"async\" width=\"1024\" height=\"771\" src=\"https:\/\/www.joerg-neidig.de\/wordpress\/wp-content\/uploads\/2023\/09\/PXL_20230805_082636912-1024x771.jpg\" alt=\"\" class=\"wp-image-1496\" srcset=\"https:\/\/www.joerg-neidig.de\/wordpress\/wp-content\/uploads\/2023\/09\/PXL_20230805_082636912-1024x771.jpg 1024w, https:\/\/www.joerg-neidig.de\/wordpress\/wp-content\/uploads\/2023\/09\/PXL_20230805_082636912-300x226.jpg 300w, https:\/\/www.joerg-neidig.de\/wordpress\/wp-content\/uploads\/2023\/09\/PXL_20230805_082636912-768x578.jpg 768w, https:\/\/www.joerg-neidig.de\/wordpress\/wp-content\/uploads\/2023\/09\/PXL_20230805_082636912-1536x1157.jpg 1536w, https:\/\/www.joerg-neidig.de\/wordpress\/wp-content\/uploads\/2023\/09\/PXL_20230805_082636912-2048x1542.jpg 2048w\" sizes=\"auto, (max-width: 767px) 89vw, (max-width: 1000px) 54vw, (max-width: 1071px) 543px, 580px\" \/><\/a><figcaption class=\"wp-element-caption\">Wacken 2023. (c) by J\u00f6rg Neidig. All rights reserved.<\/figcaption><\/figure>\n\n\n\n<p>Falls jemand fragen sollte, ob es mit dem Schlamm wirklich so schlimm war: Ja, es war so schlimm und noch viel schlimmer. Es war ein Sumpf. Man sank teilweise 20-30cm tief ein, jeder Schritt war anstrengend und selbst k\u00fcrzeste Distanzen wurden zu langen Wegen. Gummistiefel und Regenjacken wurden zu einem hei\u00dfbegehrten Luxusgut. Zus\u00e4tzlich fingen Besucher an, sich die Oberkante der Stiefel noch mit Plastikt\u00fcten zu umwickeln, da immer wieder Schlamm oben in die Schuhe reinquoll. Ab dem zweiten Tag klebte ich mir &#8211; wie viele andere auch &#8211; Tape um die Schienbeine, da die Kanten der Regenstiefel diese Wund gescheuert hatten. Und dennoch hatte es etwas witziges. Man muss einfach lachen, wenn man wie ein Storch durch die Gegend stakst, jeder Schritt schmatzende Ger\u00e4usche macht und links und rechts die Leute ihre Schuhe im Schlamm verlieren oder sich komplett hinlegen. Humor ist eben wenn man trotzdem lacht.<\/p>\n\n\n\n<figure class=\"wp-block-image size-large\"><a href=\"https:\/\/www.joerg-neidig.de\/wordpress\/wp-content\/uploads\/2023\/09\/PXL_20230802_174756145-scaled.jpg\"><img loading=\"lazy\" decoding=\"async\" width=\"1024\" height=\"771\" src=\"https:\/\/www.joerg-neidig.de\/wordpress\/wp-content\/uploads\/2023\/09\/PXL_20230802_174756145-1024x771.jpg\" alt=\"\" class=\"wp-image-1494\" srcset=\"https:\/\/www.joerg-neidig.de\/wordpress\/wp-content\/uploads\/2023\/09\/PXL_20230802_174756145-1024x771.jpg 1024w, https:\/\/www.joerg-neidig.de\/wordpress\/wp-content\/uploads\/2023\/09\/PXL_20230802_174756145-300x226.jpg 300w, https:\/\/www.joerg-neidig.de\/wordpress\/wp-content\/uploads\/2023\/09\/PXL_20230802_174756145-768x578.jpg 768w, https:\/\/www.joerg-neidig.de\/wordpress\/wp-content\/uploads\/2023\/09\/PXL_20230802_174756145-1536x1157.jpg 1536w, https:\/\/www.joerg-neidig.de\/wordpress\/wp-content\/uploads\/2023\/09\/PXL_20230802_174756145-2048x1542.jpg 2048w\" sizes=\"auto, (max-width: 767px) 89vw, (max-width: 1000px) 54vw, (max-width: 1071px) 543px, 580px\" \/><\/a><figcaption class=\"wp-element-caption\">Wacken 2023. (c) by J\u00f6rg Neidig. All rights reserved.<\/figcaption><\/figure>\n\n\n\n<figure class=\"wp-block-image size-large\"><a href=\"https:\/\/www.joerg-neidig.de\/wordpress\/wp-content\/uploads\/2023\/09\/PXL_20230801_093055816-scaled.jpg\"><img loading=\"lazy\" decoding=\"async\" width=\"771\" height=\"1024\" src=\"https:\/\/www.joerg-neidig.de\/wordpress\/wp-content\/uploads\/2023\/09\/PXL_20230801_093055816-771x1024.jpg\" alt=\"\" class=\"wp-image-1495\" srcset=\"https:\/\/www.joerg-neidig.de\/wordpress\/wp-content\/uploads\/2023\/09\/PXL_20230801_093055816-771x1024.jpg 771w, https:\/\/www.joerg-neidig.de\/wordpress\/wp-content\/uploads\/2023\/09\/PXL_20230801_093055816-226x300.jpg 226w, https:\/\/www.joerg-neidig.de\/wordpress\/wp-content\/uploads\/2023\/09\/PXL_20230801_093055816-768x1020.jpg 768w, https:\/\/www.joerg-neidig.de\/wordpress\/wp-content\/uploads\/2023\/09\/PXL_20230801_093055816-1157x1536.jpg 1157w, https:\/\/www.joerg-neidig.de\/wordpress\/wp-content\/uploads\/2023\/09\/PXL_20230801_093055816-1542x2048.jpg 1542w, https:\/\/www.joerg-neidig.de\/wordpress\/wp-content\/uploads\/2023\/09\/PXL_20230801_093055816-scaled.jpg 1928w\" sizes=\"auto, (max-width: 767px) 89vw, (max-width: 1000px) 54vw, (max-width: 1071px) 543px, 580px\" \/><\/a><figcaption class=\"wp-element-caption\">Wacken 2023. (c) by J\u00f6rg Neidig. All rights reserved.<\/figcaption><\/figure>\n\n\n\n<p>Die Konzerte waren sensationell, die Stimmung mehr als bombastisch und man sp\u00fcrt wirklich, dass alle Bands auf Wacken 110% geben. Tickets f\u00fcr Wacken 2024 sind schon gekauft.<\/p>\n\n\n\n<figure class=\"wp-block-image size-large\"><a href=\"https:\/\/www.joerg-neidig.de\/wordpress\/wp-content\/uploads\/2023\/09\/PXL_20230805_202632862-scaled.jpg\"><img loading=\"lazy\" decoding=\"async\" width=\"771\" height=\"1024\" src=\"https:\/\/www.joerg-neidig.de\/wordpress\/wp-content\/uploads\/2023\/09\/PXL_20230805_202632862-771x1024.jpg\" alt=\"\" class=\"wp-image-1497\" srcset=\"https:\/\/www.joerg-neidig.de\/wordpress\/wp-content\/uploads\/2023\/09\/PXL_20230805_202632862-771x1024.jpg 771w, https:\/\/www.joerg-neidig.de\/wordpress\/wp-content\/uploads\/2023\/09\/PXL_20230805_202632862-226x300.jpg 226w, https:\/\/www.joerg-neidig.de\/wordpress\/wp-content\/uploads\/2023\/09\/PXL_20230805_202632862-768x1020.jpg 768w, https:\/\/www.joerg-neidig.de\/wordpress\/wp-content\/uploads\/2023\/09\/PXL_20230805_202632862-1157x1536.jpg 1157w, https:\/\/www.joerg-neidig.de\/wordpress\/wp-content\/uploads\/2023\/09\/PXL_20230805_202632862-1542x2048.jpg 1542w, https:\/\/www.joerg-neidig.de\/wordpress\/wp-content\/uploads\/2023\/09\/PXL_20230805_202632862-scaled.jpg 1928w\" sizes=\"auto, (max-width: 767px) 89vw, (max-width: 1000px) 54vw, (max-width: 1071px) 543px, 580px\" \/><\/a><figcaption class=\"wp-element-caption\">Wacken 2023. (c) by J\u00f6rg Neidig. All rights reserved.<\/figcaption><\/figure>\n\n\n\n<figure class=\"wp-block-image size-large\"><a href=\"https:\/\/www.joerg-neidig.de\/wordpress\/wp-content\/uploads\/2023\/09\/PXL_20230803_223340002.MP_verpixelt-1-scaled.jpg\"><img loading=\"lazy\" decoding=\"async\" width=\"768\" height=\"1024\" src=\"https:\/\/www.joerg-neidig.de\/wordpress\/wp-content\/uploads\/2023\/09\/PXL_20230803_223340002.MP_verpixelt-1-768x1024.jpg\" alt=\"\" class=\"wp-image-1508\" srcset=\"https:\/\/www.joerg-neidig.de\/wordpress\/wp-content\/uploads\/2023\/09\/PXL_20230803_223340002.MP_verpixelt-1-768x1024.jpg 768w, https:\/\/www.joerg-neidig.de\/wordpress\/wp-content\/uploads\/2023\/09\/PXL_20230803_223340002.MP_verpixelt-1-225x300.jpg 225w, https:\/\/www.joerg-neidig.de\/wordpress\/wp-content\/uploads\/2023\/09\/PXL_20230803_223340002.MP_verpixelt-1-1152x1536.jpg 1152w, https:\/\/www.joerg-neidig.de\/wordpress\/wp-content\/uploads\/2023\/09\/PXL_20230803_223340002.MP_verpixelt-1-1536x2048.jpg 1536w, https:\/\/www.joerg-neidig.de\/wordpress\/wp-content\/uploads\/2023\/09\/PXL_20230803_223340002.MP_verpixelt-1-scaled.jpg 1920w\" sizes=\"auto, (max-width: 767px) 89vw, (max-width: 1000px) 54vw, (max-width: 1071px) 543px, 580px\" \/><\/a><figcaption class=\"wp-element-caption\">Helloween auf Wacken 2023. (c) by J\u00f6rg Neidig. All rights reserved.<\/figcaption><\/figure>\n","protected":false},"excerpt":{"rendered":"<p>Wacken ist ein Erlebnis und in 2023 war es ein Erlebnis der ganz besonderen Art. Ich geh\u00f6rte zu den gl\u00fccklichen 50.000 Besuchern, die es trotz der widrigen Umst\u00e4nde geschafft haben, auf das Gel\u00e4nde zu kommen. Leider war dies nicht allen Ticketinhabern geg\u00f6nnt. Umso gr\u00f6\u00dfer war meiner Meinung nach der Zusammenhalt der Besucher. Auf jedem anderen &hellip; <\/p>\n<p class=\"link-more\"><a href=\"https:\/\/www.joerg-neidig.de\/wordpress\/?p=1499\" class=\"more-link\"><span class=\"screen-reader-text\">\u201eSchlammbaden in Wacken\u201c <\/span>weiterlesen<\/a><\/p>\n","protected":false},"author":1,"featured_media":0,"comment_status":"open","ping_status":"open","sticky":false,"template":"","format":"standard","meta":{"jetpack_post_was_ever_published":false,"_jetpack_newsletter_access":"","_jetpack_dont_email_post_to_subs":false,"_jetpack_newsletter_tier_id":0,"_jetpack_memberships_contains_paywalled_content":false,"_jetpack_memberships_contains_paid_content":false,"footnotes":""},"categories":[1],"tags":[107,272],"class_list":["post-1499","post","type-post","status-publish","format-standard","hentry","category-kram","tag-konzert","tag-wacken"],"jetpack_featured_media_url":"","jetpack_shortlink":"https:\/\/wp.me\/p7dzRm-ob","jetpack_sharing_enabled":true,"_links":{"self":[{"href":"https:\/\/www.joerg-neidig.de\/wordpress\/index.php?rest_route=\/wp\/v2\/posts\/1499","targetHints":{"allow":["GET"]}}],"collection":[{"href":"https:\/\/www.joerg-neidig.de\/wordpress\/index.php?rest_route=\/wp\/v2\/posts"}],"about":[{"href":"https:\/\/www.joerg-neidig.de\/wordpress\/index.php?rest_route=\/wp\/v2\/types\/post"}],"author":[{"embeddable":true,"href":"https:\/\/www.joerg-neidig.de\/wordpress\/index.php?rest_route=\/wp\/v2\/users\/1"}],"replies":[{"embeddable":true,"href":"https:\/\/www.joerg-neidig.de\/wordpress\/index.php?rest_route=%2Fwp%2Fv2%2Fcomments&post=1499"}],"version-history":[{"count":3,"href":"https:\/\/www.joerg-neidig.de\/wordpress\/index.php?rest_route=\/wp\/v2\/posts\/1499\/revisions"}],"predecessor-version":[{"id":1509,"href":"https:\/\/www.joerg-neidig.de\/wordpress\/index.php?rest_route=\/wp\/v2\/posts\/1499\/revisions\/1509"}],"wp:attachment":[{"href":"https:\/\/www.joerg-neidig.de\/wordpress\/index.php?rest_route=%2Fwp%2Fv2%2Fmedia&parent=1499"}],"wp:term":[{"taxonomy":"category","embeddable":true,"href":"https:\/\/www.joerg-neidig.de\/wordpress\/index.php?rest_route=%2Fwp%2Fv2%2Fcategories&post=1499"},{"taxonomy":"post_tag","embeddable":true,"href":"https:\/\/www.joerg-neidig.de\/wordpress\/index.php?rest_route=%2Fwp%2Fv2%2Ftags&post=1499"}],"curies":[{"name":"wp","href":"https:\/\/api.w.org\/{rel}","templated":true}]}}