{"id":1525,"date":"2024-08-25T19:23:10","date_gmt":"2024-08-25T17:23:10","guid":{"rendered":"https:\/\/www.joerg-neidig.de\/wordpress\/?p=1525"},"modified":"2024-08-25T19:23:10","modified_gmt":"2024-08-25T17:23:10","slug":"impressionen-von-wacken","status":"publish","type":"post","link":"https:\/\/www.joerg-neidig.de\/wordpress\/?p=1525","title":{"rendered":"Impressionen von Wacken"},"content":{"rendered":"\n<p>Jetzt ist es schon wieder ein paar Wochen her  und das Dr\u00f6hnen in den Ohren l\u00e4sst langsam nach. Wacken ist schon etwas ganz besonderes, auch wenn ich den Eindruck hatte, dass dieses Jahr ein gr\u00f6\u00dferer Anteil an &#8222;Instagrammern\/TikToker&#8220; und &#8222;Party people&#8220; dabei waren. Ersteren geht es prim\u00e4r darum sich selbst in Fotos in Szene zu setzen. Direkt im Nachbarzelt hauste so eine Dame, die mehrere Stunden pro Tag verbrachte, sich selbst in unterschiedlichen &#8222;Rocker-Outfits&#8220; zu filmen. Zweitere haben auch kein Interesse an der Musik und wollen sich einfach selbst feiern.  Na gut, jeder hat das Recht an dem Festival teilzunehmen und ich hoffe einfach, dass auch bei denen ein wenig Liebe f\u00fcr Metal h\u00e4ngengeblieben ist. Ich vermute, dass dies daran lag, dass Wacken letztes Jahr so intensiv in der Presse und den Social Media Kan\u00e4len genannt wurde. Da es dieses Jahr auf dem Festival ruhig war und einfach ein toll organisiertes Musikfest f\u00fcr die Liebhaber der h\u00e4rteren Musikrichtungen war, zieht sich der Kartenverkauf f\u00fcr das n\u00e4chste Jahr ziemlich hin. Stand heute sind immer noch Karten erh\u00e4ltlich.<\/p>\n\n\n\n<p>Aber genug gemeckert. Hier sind ein paar Impressionen vom Festival. <\/p>\n\n\n\n<div class=\"wp-block-jetpack-slideshow aligncenter\" data-effect=\"slide\"><div class=\"wp-block-jetpack-slideshow_container swiper-container\"><ul class=\"wp-block-jetpack-slideshow_swiper-wrapper swiper-wrapper\"><li class=\"wp-block-jetpack-slideshow_slide swiper-slide\"><figure><img loading=\"lazy\" decoding=\"async\" width=\"1024\" height=\"684\" alt=\"\" class=\"wp-block-jetpack-slideshow_image wp-image-1527\" data-id=\"1527\" src=\"https:\/\/www.joerg-neidig.de\/wordpress\/wp-content\/uploads\/2024\/08\/PXL_20240802_191641547.MP_-scaled-e1724606214597-1024x684.jpg\" srcset=\"https:\/\/www.joerg-neidig.de\/wordpress\/wp-content\/uploads\/2024\/08\/PXL_20240802_191641547.MP_-scaled-e1724606214597-1024x684.jpg 1024w, https:\/\/www.joerg-neidig.de\/wordpress\/wp-content\/uploads\/2024\/08\/PXL_20240802_191641547.MP_-scaled-e1724606214597-300x200.jpg 300w, https:\/\/www.joerg-neidig.de\/wordpress\/wp-content\/uploads\/2024\/08\/PXL_20240802_191641547.MP_-scaled-e1724606214597-768x513.jpg 768w, https:\/\/www.joerg-neidig.de\/wordpress\/wp-content\/uploads\/2024\/08\/PXL_20240802_191641547.MP_-scaled-e1724606214597.jpg 1271w\" sizes=\"(max-width: 767px) 89vw, (max-width: 1000px) 54vw, (max-width: 1071px) 543px, 580px\" \/><\/figure><\/li><li class=\"wp-block-jetpack-slideshow_slide swiper-slide\"><figure><img loading=\"lazy\" decoding=\"async\" width=\"1024\" height=\"771\" alt=\"\" class=\"wp-block-jetpack-slideshow_image wp-image-1524\" data-id=\"1524\" src=\"https:\/\/www.joerg-neidig.de\/wordpress\/wp-content\/uploads\/2024\/08\/PXL_20240801_203814492-1024x771.jpg\" srcset=\"https:\/\/www.joerg-neidig.de\/wordpress\/wp-content\/uploads\/2024\/08\/PXL_20240801_203814492-1024x771.jpg 1024w, https:\/\/www.joerg-neidig.de\/wordpress\/wp-content\/uploads\/2024\/08\/PXL_20240801_203814492-300x226.jpg 300w, https:\/\/www.joerg-neidig.de\/wordpress\/wp-content\/uploads\/2024\/08\/PXL_20240801_203814492-768x578.jpg 768w, https:\/\/www.joerg-neidig.de\/wordpress\/wp-content\/uploads\/2024\/08\/PXL_20240801_203814492-1536x1157.jpg 1536w, https:\/\/www.joerg-neidig.de\/wordpress\/wp-content\/uploads\/2024\/08\/PXL_20240801_203814492-2048x1542.jpg 2048w\" sizes=\"(max-width: 767px) 89vw, (max-width: 1000px) 54vw, (max-width: 1071px) 543px, 580px\" \/><\/figure><\/li><li class=\"wp-block-jetpack-slideshow_slide swiper-slide\"><figure><img loading=\"lazy\" decoding=\"async\" width=\"1024\" height=\"861\" alt=\"\" class=\"wp-block-jetpack-slideshow_image wp-image-1523\" data-id=\"1523\" src=\"https:\/\/www.joerg-neidig.de\/wordpress\/wp-content\/uploads\/2024\/08\/PXL_20240730_142212101.MP_-scaled-e1724605051107-1024x861.jpg\" srcset=\"https:\/\/www.joerg-neidig.de\/wordpress\/wp-content\/uploads\/2024\/08\/PXL_20240730_142212101.MP_-scaled-e1724605051107-1024x861.jpg 1024w, https:\/\/www.joerg-neidig.de\/wordpress\/wp-content\/uploads\/2024\/08\/PXL_20240730_142212101.MP_-scaled-e1724605051107-300x252.jpg 300w, https:\/\/www.joerg-neidig.de\/wordpress\/wp-content\/uploads\/2024\/08\/PXL_20240730_142212101.MP_-scaled-e1724605051107-768x646.jpg 768w, https:\/\/www.joerg-neidig.de\/wordpress\/wp-content\/uploads\/2024\/08\/PXL_20240730_142212101.MP_-scaled-e1724605051107-1536x1291.jpg 1536w, https:\/\/www.joerg-neidig.de\/wordpress\/wp-content\/uploads\/2024\/08\/PXL_20240730_142212101.MP_-scaled-e1724605051107.jpg 1928w\" sizes=\"(max-width: 767px) 89vw, (max-width: 1000px) 54vw, (max-width: 1071px) 543px, 580px\" \/><\/figure><\/li><li class=\"wp-block-jetpack-slideshow_slide swiper-slide\"><figure><img loading=\"lazy\" decoding=\"async\" width=\"1024\" height=\"771\" alt=\"\" class=\"wp-block-jetpack-slideshow_image wp-image-1522\" data-id=\"1522\" src=\"https:\/\/www.joerg-neidig.de\/wordpress\/wp-content\/uploads\/2024\/08\/PXL_20240802_192956080-1024x771.jpg\" srcset=\"https:\/\/www.joerg-neidig.de\/wordpress\/wp-content\/uploads\/2024\/08\/PXL_20240802_192956080-1024x771.jpg 1024w, https:\/\/www.joerg-neidig.de\/wordpress\/wp-content\/uploads\/2024\/08\/PXL_20240802_192956080-300x226.jpg 300w, https:\/\/www.joerg-neidig.de\/wordpress\/wp-content\/uploads\/2024\/08\/PXL_20240802_192956080-768x578.jpg 768w, https:\/\/www.joerg-neidig.de\/wordpress\/wp-content\/uploads\/2024\/08\/PXL_20240802_192956080-1536x1157.jpg 1536w, https:\/\/www.joerg-neidig.de\/wordpress\/wp-content\/uploads\/2024\/08\/PXL_20240802_192956080-2048x1542.jpg 2048w\" sizes=\"(max-width: 767px) 89vw, (max-width: 1000px) 54vw, (max-width: 1071px) 543px, 580px\" \/><\/figure><\/li><li class=\"wp-block-jetpack-slideshow_slide swiper-slide\"><figure><img loading=\"lazy\" decoding=\"async\" width=\"768\" height=\"1024\" alt=\"\" class=\"wp-block-jetpack-slideshow_image wp-image-1521\" data-id=\"1521\" src=\"https:\/\/www.joerg-neidig.de\/wordpress\/wp-content\/uploads\/2024\/08\/PXL_20240803_081527682-768x1024.jpg\" srcset=\"https:\/\/www.joerg-neidig.de\/wordpress\/wp-content\/uploads\/2024\/08\/PXL_20240803_081527682-768x1024.jpg 768w, https:\/\/www.joerg-neidig.de\/wordpress\/wp-content\/uploads\/2024\/08\/PXL_20240803_081527682-225x300.jpg 225w, https:\/\/www.joerg-neidig.de\/wordpress\/wp-content\/uploads\/2024\/08\/PXL_20240803_081527682-1152x1536.jpg 1152w, https:\/\/www.joerg-neidig.de\/wordpress\/wp-content\/uploads\/2024\/08\/PXL_20240803_081527682-1536x2048.jpg 1536w, https:\/\/www.joerg-neidig.de\/wordpress\/wp-content\/uploads\/2024\/08\/PXL_20240803_081527682-scaled.jpg 1920w\" sizes=\"(max-width: 767px) 89vw, (max-width: 1000px) 54vw, (max-width: 1071px) 543px, 580px\" \/><\/figure><\/li><\/ul><a class=\"wp-block-jetpack-slideshow_button-prev swiper-button-prev swiper-button-white\" role=\"button\"><\/a><a class=\"wp-block-jetpack-slideshow_button-next swiper-button-next swiper-button-white\" role=\"button\"><\/a><a aria-label=\"Pause Slideshow\" class=\"wp-block-jetpack-slideshow_button-pause\" role=\"button\"><\/a><div class=\"wp-block-jetpack-slideshow_pagination swiper-pagination swiper-pagination-white\"><\/div><\/div><\/div>\n\n\n\n<p><\/p>\n","protected":false},"excerpt":{"rendered":"<p>Jetzt ist es schon wieder ein paar Wochen her und das Dr\u00f6hnen in den Ohren l\u00e4sst langsam nach. Wacken ist schon etwas ganz besonderes, auch wenn ich den Eindruck hatte, dass dieses Jahr ein gr\u00f6\u00dferer Anteil an &#8222;Instagrammern\/TikToker&#8220; und &#8222;Party people&#8220; dabei waren. Ersteren geht es prim\u00e4r darum sich selbst in Fotos in Szene zu &hellip; <\/p>\n<p class=\"link-more\"><a href=\"https:\/\/www.joerg-neidig.de\/wordpress\/?p=1525\" class=\"more-link\"><span class=\"screen-reader-text\">\u201eImpressionen von Wacken\u201c <\/span>weiterlesen<\/a><\/p>\n","protected":false},"author":1,"featured_media":0,"comment_status":"open","ping_status":"open","sticky":false,"template":"","format":"standard","meta":{"jetpack_post_was_ever_published":false,"_jetpack_newsletter_access":"","_jetpack_dont_email_post_to_subs":false,"_jetpack_newsletter_tier_id":0,"_jetpack_memberships_contains_paywalled_content":false,"_jetpack_memberships_contains_paid_content":false,"footnotes":""},"categories":[1],"tags":[272],"class_list":["post-1525","post","type-post","status-publish","format-standard","hentry","category-kram","tag-wacken"],"jetpack_featured_media_url":"","jetpack_shortlink":"https:\/\/wp.me\/p7dzRm-oB","jetpack_sharing_enabled":true,"_links":{"self":[{"href":"https:\/\/www.joerg-neidig.de\/wordpress\/index.php?rest_route=\/wp\/v2\/posts\/1525","targetHints":{"allow":["GET"]}}],"collection":[{"href":"https:\/\/www.joerg-neidig.de\/wordpress\/index.php?rest_route=\/wp\/v2\/posts"}],"about":[{"href":"https:\/\/www.joerg-neidig.de\/wordpress\/index.php?rest_route=\/wp\/v2\/types\/post"}],"author":[{"embeddable":true,"href":"https:\/\/www.joerg-neidig.de\/wordpress\/index.php?rest_route=\/wp\/v2\/users\/1"}],"replies":[{"embeddable":true,"href":"https:\/\/www.joerg-neidig.de\/wordpress\/index.php?rest_route=%2Fwp%2Fv2%2Fcomments&post=1525"}],"version-history":[{"count":2,"href":"https:\/\/www.joerg-neidig.de\/wordpress\/index.php?rest_route=\/wp\/v2\/posts\/1525\/revisions"}],"predecessor-version":[{"id":1529,"href":"https:\/\/www.joerg-neidig.de\/wordpress\/index.php?rest_route=\/wp\/v2\/posts\/1525\/revisions\/1529"}],"wp:attachment":[{"href":"https:\/\/www.joerg-neidig.de\/wordpress\/index.php?rest_route=%2Fwp%2Fv2%2Fmedia&parent=1525"}],"wp:term":[{"taxonomy":"category","embeddable":true,"href":"https:\/\/www.joerg-neidig.de\/wordpress\/index.php?rest_route=%2Fwp%2Fv2%2Fcategories&post=1525"},{"taxonomy":"post_tag","embeddable":true,"href":"https:\/\/www.joerg-neidig.de\/wordpress\/index.php?rest_route=%2Fwp%2Fv2%2Ftags&post=1525"}],"curies":[{"name":"wp","href":"https:\/\/api.w.org\/{rel}","templated":true}]}}