{"id":156,"date":"2007-10-07T21:31:46","date_gmt":"2007-10-07T19:31:46","guid":{"rendered":"http:\/\/www.joerg-neidig.de\/wordpress\/?p=156"},"modified":"2007-10-07T21:31:46","modified_gmt":"2007-10-07T19:31:46","slug":"oktoberfestbesuch","status":"publish","type":"post","link":"https:\/\/www.joerg-neidig.de\/wordpress\/?p=156","title":{"rendered":"Oktoberfestbesuch"},"content":{"rendered":"<p>Am Samstag und Sonntag ging es mit ein paar Freunden und Kollegen aufs Oktoberfest. Das war ja nicht mein erster Besuch des gr\u00f6\u00dften Volksfests, aber diesmal ist es uns tats\u00e4chlich am Samstag nicht gelungen in ein Zelt zu kommen. Es ging tats\u00e4chlich gar nichts mehr. Obwohl immer mal wieder einige G\u00e4ste die Zelte verlie\u00dfen wurden keine neuen G\u00e4ste eingelassen. An einigen Zelten hingen daher auch Zettel mit der Aufschrift: &#8222;Dieses Zelt bleibt f\u00fcr heute geschlossen&#8220;. Schade, aber ne Menge Spa\u00df kann man ja dennoch haben. Am Sonntag fr\u00fch sind wir dann noch einmal auf der Wiesn gewesen und haben dann auch problemlos in die Zelte gekonnt. Dummerweise hatten wir dann aber keine gro\u00dfe Lust mehr auf Bierzeltstimmung und haben uns dann relativ fr\u00fch wieder aus dem Staub gemacht.<\/p>\n","protected":false},"excerpt":{"rendered":"<p>Am Samstag und Sonntag ging es mit ein paar Freunden und Kollegen aufs Oktoberfest. Das war ja nicht mein erster Besuch des gr\u00f6\u00dften Volksfests, aber diesmal ist es uns tats\u00e4chlich am Samstag nicht gelungen in ein Zelt zu kommen. Es ging tats\u00e4chlich gar nichts mehr. Obwohl immer mal wieder einige G\u00e4ste die Zelte verlie\u00dfen wurden &hellip; <\/p>\n<p class=\"link-more\"><a href=\"https:\/\/www.joerg-neidig.de\/wordpress\/?p=156\" class=\"more-link\"><span class=\"screen-reader-text\">\u201eOktoberfestbesuch\u201c <\/span>weiterlesen<\/a><\/p>\n","protected":false},"author":1,"featured_media":0,"comment_status":"open","ping_status":"open","sticky":false,"template":"","format":"standard","meta":{"jetpack_post_was_ever_published":false,"_jetpack_newsletter_access":"","_jetpack_dont_email_post_to_subs":false,"_jetpack_newsletter_tier_id":0,"_jetpack_memberships_contains_paywalled_content":false,"_jetpack_memberships_contains_paid_content":false,"footnotes":""},"categories":[1],"tags":[270],"class_list":["post-156","post","type-post","status-publish","format-standard","hentry","category-kram","tag-kram"],"jetpack_featured_media_url":"","jetpack_shortlink":"https:\/\/wp.me\/p7dzRm-2w","jetpack_sharing_enabled":true,"_links":{"self":[{"href":"https:\/\/www.joerg-neidig.de\/wordpress\/index.php?rest_route=\/wp\/v2\/posts\/156","targetHints":{"allow":["GET"]}}],"collection":[{"href":"https:\/\/www.joerg-neidig.de\/wordpress\/index.php?rest_route=\/wp\/v2\/posts"}],"about":[{"href":"https:\/\/www.joerg-neidig.de\/wordpress\/index.php?rest_route=\/wp\/v2\/types\/post"}],"author":[{"embeddable":true,"href":"https:\/\/www.joerg-neidig.de\/wordpress\/index.php?rest_route=\/wp\/v2\/users\/1"}],"replies":[{"embeddable":true,"href":"https:\/\/www.joerg-neidig.de\/wordpress\/index.php?rest_route=%2Fwp%2Fv2%2Fcomments&post=156"}],"version-history":[{"count":0,"href":"https:\/\/www.joerg-neidig.de\/wordpress\/index.php?rest_route=\/wp\/v2\/posts\/156\/revisions"}],"wp:attachment":[{"href":"https:\/\/www.joerg-neidig.de\/wordpress\/index.php?rest_route=%2Fwp%2Fv2%2Fmedia&parent=156"}],"wp:term":[{"taxonomy":"category","embeddable":true,"href":"https:\/\/www.joerg-neidig.de\/wordpress\/index.php?rest_route=%2Fwp%2Fv2%2Fcategories&post=156"},{"taxonomy":"post_tag","embeddable":true,"href":"https:\/\/www.joerg-neidig.de\/wordpress\/index.php?rest_route=%2Fwp%2Fv2%2Ftags&post=156"}],"curies":[{"name":"wp","href":"https:\/\/api.w.org\/{rel}","templated":true}]}}