{"id":163,"date":"2007-12-28T00:07:30","date_gmt":"2007-12-27T22:07:30","guid":{"rendered":"http:\/\/www.joerg-neidig.de\/wordpress\/?p=163"},"modified":"2007-12-28T00:07:30","modified_gmt":"2007-12-27T22:07:30","slug":"scheis-weihnachten","status":"publish","type":"post","link":"https:\/\/www.joerg-neidig.de\/wordpress\/?p=163","title":{"rendered":"Schei\u00df Weihnachten"},"content":{"rendered":"<p>Weihnachten war f\u00fcr meine Schwester und mich in den letzten Jahre schon ziemlich mies. Das hatte unterschiedliche Gr\u00fcnde, aber regelm\u00e4\u00dfig hofften wir vor den Feiertagen inst\u00e4ndig, dass das Fest schnell vor\u00fcber gehen w\u00fcrde. Dieses Jahr jedoch wird sicherlich lange unsere Hitliste der miesesten Weihnachten anf\u00fchren.<\/p>\n<p>Vor Weihnachten wollte sich die Weihnachtsstimmung schon gar nicht erst aufbauen. Nach Worms angereist, besuchten wir erst einmal unsere Oma, die nach einem Schw\u00e4cheanfall zwei Tage vorher ins Pflegeheim eingeliefert werden musste. Das war schon sehr erschreckend, zu sehen, wie wenig von einem Menschen den man liebt noch \u00fcbrig bleiben kann. Und Tag f\u00fcr Tag wurde es sichtlich weniger, bis sie schlie\u00dflich am 1. Weihnachtstag den Kampf verloren hat. Die Beerdigung ist voraussichtlich am 3.1.08.<\/p>\n<p>Hier auch gleich meine Entschuldigung an alle, die mir Weihnachtsgr\u00fc\u00dfe geschickt haben. Aber dieses Weihnachten war wirklich so schei\u00dfe, dass ich keine Lust hatte, auf &#8222;frohe Weihnachten und einen guten Rutsch ins neue Jahr&#8220; zu antworten.<\/p>\n","protected":false},"excerpt":{"rendered":"<p>Weihnachten war f\u00fcr meine Schwester und mich in den letzten Jahre schon ziemlich mies. Das hatte unterschiedliche Gr\u00fcnde, aber regelm\u00e4\u00dfig hofften wir vor den Feiertagen inst\u00e4ndig, dass das Fest schnell vor\u00fcber gehen w\u00fcrde. Dieses Jahr jedoch wird sicherlich lange unsere Hitliste der miesesten Weihnachten anf\u00fchren. Vor Weihnachten wollte sich die Weihnachtsstimmung schon gar nicht erst &hellip; <\/p>\n<p class=\"link-more\"><a href=\"https:\/\/www.joerg-neidig.de\/wordpress\/?p=163\" class=\"more-link\"><span class=\"screen-reader-text\">\u201eSchei\u00df Weihnachten\u201c <\/span>weiterlesen<\/a><\/p>\n","protected":false},"author":1,"featured_media":0,"comment_status":"open","ping_status":"open","sticky":false,"template":"","format":"standard","meta":{"jetpack_post_was_ever_published":false,"_jetpack_newsletter_access":"","_jetpack_dont_email_post_to_subs":false,"_jetpack_newsletter_tier_id":0,"_jetpack_memberships_contains_paywalled_content":false,"_jetpack_memberships_contains_paid_content":false,"footnotes":""},"categories":[1],"tags":[270],"class_list":["post-163","post","type-post","status-publish","format-standard","hentry","category-kram","tag-kram"],"jetpack_featured_media_url":"","jetpack_shortlink":"https:\/\/wp.me\/p7dzRm-2D","jetpack_sharing_enabled":true,"_links":{"self":[{"href":"https:\/\/www.joerg-neidig.de\/wordpress\/index.php?rest_route=\/wp\/v2\/posts\/163","targetHints":{"allow":["GET"]}}],"collection":[{"href":"https:\/\/www.joerg-neidig.de\/wordpress\/index.php?rest_route=\/wp\/v2\/posts"}],"about":[{"href":"https:\/\/www.joerg-neidig.de\/wordpress\/index.php?rest_route=\/wp\/v2\/types\/post"}],"author":[{"embeddable":true,"href":"https:\/\/www.joerg-neidig.de\/wordpress\/index.php?rest_route=\/wp\/v2\/users\/1"}],"replies":[{"embeddable":true,"href":"https:\/\/www.joerg-neidig.de\/wordpress\/index.php?rest_route=%2Fwp%2Fv2%2Fcomments&post=163"}],"version-history":[{"count":0,"href":"https:\/\/www.joerg-neidig.de\/wordpress\/index.php?rest_route=\/wp\/v2\/posts\/163\/revisions"}],"wp:attachment":[{"href":"https:\/\/www.joerg-neidig.de\/wordpress\/index.php?rest_route=%2Fwp%2Fv2%2Fmedia&parent=163"}],"wp:term":[{"taxonomy":"category","embeddable":true,"href":"https:\/\/www.joerg-neidig.de\/wordpress\/index.php?rest_route=%2Fwp%2Fv2%2Fcategories&post=163"},{"taxonomy":"post_tag","embeddable":true,"href":"https:\/\/www.joerg-neidig.de\/wordpress\/index.php?rest_route=%2Fwp%2Fv2%2Ftags&post=163"}],"curies":[{"name":"wp","href":"https:\/\/api.w.org\/{rel}","templated":true}]}}