{"id":238,"date":"2009-03-17T21:46:34","date_gmt":"2009-03-17T19:46:34","guid":{"rendered":"http:\/\/www.joerg-neidig.de\/wordpress\/?p=238"},"modified":"2020-02-29T18:26:36","modified_gmt":"2020-02-29T16:26:36","slug":"238","status":"publish","type":"post","link":"https:\/\/www.joerg-neidig.de\/wordpress\/?p=238","title":{"rendered":""},"content":{"rendered":"<p>Verschrott ich mein Auto oder nicht? Die Umweltpr\u00e4mie reizt schon, aber eigentlich ist meine kleine A-Klasse noch ok. Andererseits liegt deren Wert ca. bei 3000 EUR und die Inspektion ist \u00fcberf\u00e4llig, Auspuff muss gemacht werden und die hinteren Sto\u00dfd\u00e4mpfer sind undicht. Und Sommerreifen habe ich auch keine&#8230;<\/p>\n","protected":false},"excerpt":{"rendered":"<p>Verschrott ich mein Auto oder nicht? Die Umweltpr\u00e4mie reizt schon, aber eigentlich ist meine kleine A-Klasse noch ok. Andererseits liegt deren Wert ca. bei 3000 EUR und die Inspektion ist \u00fcberf\u00e4llig, Auspuff muss gemacht werden und die hinteren Sto\u00dfd\u00e4mpfer sind undicht. Und Sommerreifen habe ich auch keine&#8230;<\/p>\n","protected":false},"author":1,"featured_media":0,"comment_status":"open","ping_status":"open","sticky":false,"template":"","format":"standard","meta":{"jetpack_post_was_ever_published":false,"_jetpack_newsletter_access":"","_jetpack_dont_email_post_to_subs":false,"_jetpack_newsletter_tier_id":0,"_jetpack_memberships_contains_paywalled_content":false,"_jetpack_memberships_contains_paid_content":false,"footnotes":""},"categories":[1],"tags":[270,51],"class_list":["post-238","post","type-post","status-publish","format-standard","hentry","category-kram","tag-kram","tag-umweltpramie"],"jetpack_featured_media_url":"","jetpack_shortlink":"https:\/\/wp.me\/s7dzRm-238","jetpack_sharing_enabled":true,"_links":{"self":[{"href":"https:\/\/www.joerg-neidig.de\/wordpress\/index.php?rest_route=\/wp\/v2\/posts\/238","targetHints":{"allow":["GET"]}}],"collection":[{"href":"https:\/\/www.joerg-neidig.de\/wordpress\/index.php?rest_route=\/wp\/v2\/posts"}],"about":[{"href":"https:\/\/www.joerg-neidig.de\/wordpress\/index.php?rest_route=\/wp\/v2\/types\/post"}],"author":[{"embeddable":true,"href":"https:\/\/www.joerg-neidig.de\/wordpress\/index.php?rest_route=\/wp\/v2\/users\/1"}],"replies":[{"embeddable":true,"href":"https:\/\/www.joerg-neidig.de\/wordpress\/index.php?rest_route=%2Fwp%2Fv2%2Fcomments&post=238"}],"version-history":[{"count":2,"href":"https:\/\/www.joerg-neidig.de\/wordpress\/index.php?rest_route=\/wp\/v2\/posts\/238\/revisions"}],"predecessor-version":[{"id":1383,"href":"https:\/\/www.joerg-neidig.de\/wordpress\/index.php?rest_route=\/wp\/v2\/posts\/238\/revisions\/1383"}],"wp:attachment":[{"href":"https:\/\/www.joerg-neidig.de\/wordpress\/index.php?rest_route=%2Fwp%2Fv2%2Fmedia&parent=238"}],"wp:term":[{"taxonomy":"category","embeddable":true,"href":"https:\/\/www.joerg-neidig.de\/wordpress\/index.php?rest_route=%2Fwp%2Fv2%2Fcategories&post=238"},{"taxonomy":"post_tag","embeddable":true,"href":"https:\/\/www.joerg-neidig.de\/wordpress\/index.php?rest_route=%2Fwp%2Fv2%2Ftags&post=238"}],"curies":[{"name":"wp","href":"https:\/\/api.w.org\/{rel}","templated":true}]}}