{"id":248,"date":"2009-05-26T23:51:16","date_gmt":"2009-05-26T21:51:16","guid":{"rendered":"http:\/\/www.joerg-neidig.de\/wordpress\/?p=248"},"modified":"2020-02-29T18:25:53","modified_gmt":"2020-02-29T16:25:53","slug":"auto-verschrottet","status":"publish","type":"post","link":"https:\/\/www.joerg-neidig.de\/wordpress\/?p=248","title":{"rendered":"Auto verschrottet"},"content":{"rendered":"<p>Gestern war es soweit und ich habe mein Auto zum Abwracken gegeben. Das war sehr unangenehm. Ich wei\u00df nicht, ob das nachvollziehbar ist, aber die letzte Fahrt mit dem Auto zum Schrotth\u00e4ndler hat sich angef\u00fchlt wie der Weg zu einer Beerdigung. Die ganze Zeit habe ich meiner kleinen A-Klasse gut zugeredet und gehofft, dass sie nicht merkt was ich mit ihr vor habe.<br \/>\nDer Schrotth\u00e4ndler hat sich mein Auto angeschaut und sichtlich die Schultern sacken lassen. Er hat mich mit traurigen Augen angesehen und gesagt, dass er es sicherlich verschrotten kann, wenn ich unbedingt darauf bestehe. Vermutlich hat er in den letzten Wochen Unmengen an sch\u00f6nen Wagen vernichten m\u00fcssen. Rein finanziell gesehen war die Entscheidung auf die Abwrackpr\u00e4mie zu setzen richtig. Emotional gesehen eine Katastrophe.<\/p>\n<p>Wir hatten sch\u00f6ne Zeiten miteinander. Ich hoffe, du verzeihst mir, Brumm-Brumm.<\/p>\n","protected":false},"excerpt":{"rendered":"<p>Gestern war es soweit und ich habe mein Auto zum Abwracken gegeben. Das war sehr unangenehm. Ich wei\u00df nicht, ob das nachvollziehbar ist, aber die letzte Fahrt mit dem Auto zum Schrotth\u00e4ndler hat sich angef\u00fchlt wie der Weg zu einer Beerdigung. Die ganze Zeit habe ich meiner kleinen A-Klasse gut zugeredet und gehofft, dass sie &hellip; <\/p>\n<p class=\"link-more\"><a href=\"https:\/\/www.joerg-neidig.de\/wordpress\/?p=248\" class=\"more-link\"><span class=\"screen-reader-text\">\u201eAuto verschrottet\u201c <\/span>weiterlesen<\/a><\/p>\n","protected":false},"author":1,"featured_media":0,"comment_status":"open","ping_status":"open","sticky":false,"template":"","format":"standard","meta":{"jetpack_post_was_ever_published":false,"_jetpack_newsletter_access":"","_jetpack_dont_email_post_to_subs":false,"_jetpack_newsletter_tier_id":0,"_jetpack_memberships_contains_paywalled_content":false,"_jetpack_memberships_contains_paid_content":false,"footnotes":""},"categories":[1],"tags":[55,270,51],"class_list":["post-248","post","type-post","status-publish","format-standard","hentry","category-kram","tag-abwrackpramie","tag-kram","tag-umweltpramie"],"jetpack_featured_media_url":"","jetpack_shortlink":"https:\/\/wp.me\/p7dzRm-40","jetpack_sharing_enabled":true,"_links":{"self":[{"href":"https:\/\/www.joerg-neidig.de\/wordpress\/index.php?rest_route=\/wp\/v2\/posts\/248","targetHints":{"allow":["GET"]}}],"collection":[{"href":"https:\/\/www.joerg-neidig.de\/wordpress\/index.php?rest_route=\/wp\/v2\/posts"}],"about":[{"href":"https:\/\/www.joerg-neidig.de\/wordpress\/index.php?rest_route=\/wp\/v2\/types\/post"}],"author":[{"embeddable":true,"href":"https:\/\/www.joerg-neidig.de\/wordpress\/index.php?rest_route=\/wp\/v2\/users\/1"}],"replies":[{"embeddable":true,"href":"https:\/\/www.joerg-neidig.de\/wordpress\/index.php?rest_route=%2Fwp%2Fv2%2Fcomments&post=248"}],"version-history":[{"count":5,"href":"https:\/\/www.joerg-neidig.de\/wordpress\/index.php?rest_route=\/wp\/v2\/posts\/248\/revisions"}],"predecessor-version":[{"id":1382,"href":"https:\/\/www.joerg-neidig.de\/wordpress\/index.php?rest_route=\/wp\/v2\/posts\/248\/revisions\/1382"}],"wp:attachment":[{"href":"https:\/\/www.joerg-neidig.de\/wordpress\/index.php?rest_route=%2Fwp%2Fv2%2Fmedia&parent=248"}],"wp:term":[{"taxonomy":"category","embeddable":true,"href":"https:\/\/www.joerg-neidig.de\/wordpress\/index.php?rest_route=%2Fwp%2Fv2%2Fcategories&post=248"},{"taxonomy":"post_tag","embeddable":true,"href":"https:\/\/www.joerg-neidig.de\/wordpress\/index.php?rest_route=%2Fwp%2Fv2%2Ftags&post=248"}],"curies":[{"name":"wp","href":"https:\/\/api.w.org\/{rel}","templated":true}]}}