{"id":486,"date":"2011-12-11T00:12:30","date_gmt":"2011-12-10T22:12:30","guid":{"rendered":"http:\/\/www.joerg-neidig.de\/wordpress\/?p=486"},"modified":"2011-12-11T13:28:02","modified_gmt":"2011-12-11T11:28:02","slug":"personlicher-guide-durchs-edo-museum","status":"publish","type":"post","link":"https:\/\/www.joerg-neidig.de\/wordpress\/?p=486","title":{"rendered":"Pers\u00f6nlicher Guide durchs Edo-Museum"},"content":{"rendered":"<p>Bei schlechtem Wetter (und nat\u00fcrlich auch bei gutem) bietet sich ein Besuch des Edo-Tokyo-Museums an. F\u00fcr Ausl\u00e4nder gibt es keine normalen F\u00fchrungen, sondern nur Freiwillige mit Fremsprachkenntnisse. Also bin ich zur Info und habe gefragt, ob eine F\u00fchrung in englisch heute zur Verf\u00fcgung st\u00e4nde. Ja, es sei noch ein Guide frei. F\u00fcr mich. Das hei\u00dft, die nette Dame hat sich mich geschnappt und mir eine zweist\u00fcndige Privatf\u00fchrung durch die Geschichte Tokyos gegeben. Saugeil.<br \/>\nDas Museum ist auf jeden Fall einen Besuch Wert. Nur bei der Abteilung zur neueren Geschichte musste ich doch ein wenig schmunzeln. Die unerfreulichen Ereignisse des letzten Jahrhunderts sind da doch recht einseitig und verkl\u00e4rt dargestellt. Da gibt es Schautafeln, die von ruhmreichen Angriffen auf den Feind berichten und andere, welche die Massaker an der japanischen Bev\u00f6lkerung anprangern. Naja, was die geschichtliche Aufbereitung betrifft, sind wir da deutlich weiter.<\/p>\n","protected":false},"excerpt":{"rendered":"<p>Bei schlechtem Wetter (und nat\u00fcrlich auch bei gutem) bietet sich ein Besuch des Edo-Tokyo-Museums an. F\u00fcr Ausl\u00e4nder gibt es keine normalen F\u00fchrungen, sondern nur Freiwillige mit Fremsprachkenntnisse. Also bin ich zur Info und habe gefragt, ob eine F\u00fchrung in englisch heute zur Verf\u00fcgung st\u00e4nde. Ja, es sei noch ein Guide frei. F\u00fcr mich. Das hei\u00dft, &hellip; <\/p>\n<p class=\"link-more\"><a href=\"https:\/\/www.joerg-neidig.de\/wordpress\/?p=486\" class=\"more-link\"><span class=\"screen-reader-text\">\u201ePers\u00f6nlicher Guide durchs Edo-Museum\u201c <\/span>weiterlesen<\/a><\/p>\n","protected":false},"author":1,"featured_media":0,"comment_status":"open","ping_status":"open","sticky":false,"template":"","format":"standard","meta":{"jetpack_post_was_ever_published":false,"_jetpack_newsletter_access":"","_jetpack_dont_email_post_to_subs":false,"_jetpack_newsletter_tier_id":0,"_jetpack_memberships_contains_paywalled_content":false,"_jetpack_memberships_contains_paid_content":false,"footnotes":""},"categories":[1],"tags":[129,130,23,270,29],"class_list":["post-486","post","type-post","status-publish","format-standard","hentry","category-kram","tag-edo","tag-edo-tokyo-museum","tag-japan","tag-kram","tag-tokyo"],"jetpack_featured_media_url":"","jetpack_shortlink":"https:\/\/wp.me\/p7dzRm-7Q","jetpack_sharing_enabled":true,"_links":{"self":[{"href":"https:\/\/www.joerg-neidig.de\/wordpress\/index.php?rest_route=\/wp\/v2\/posts\/486","targetHints":{"allow":["GET"]}}],"collection":[{"href":"https:\/\/www.joerg-neidig.de\/wordpress\/index.php?rest_route=\/wp\/v2\/posts"}],"about":[{"href":"https:\/\/www.joerg-neidig.de\/wordpress\/index.php?rest_route=\/wp\/v2\/types\/post"}],"author":[{"embeddable":true,"href":"https:\/\/www.joerg-neidig.de\/wordpress\/index.php?rest_route=\/wp\/v2\/users\/1"}],"replies":[{"embeddable":true,"href":"https:\/\/www.joerg-neidig.de\/wordpress\/index.php?rest_route=%2Fwp%2Fv2%2Fcomments&post=486"}],"version-history":[{"count":1,"href":"https:\/\/www.joerg-neidig.de\/wordpress\/index.php?rest_route=\/wp\/v2\/posts\/486\/revisions"}],"predecessor-version":[{"id":487,"href":"https:\/\/www.joerg-neidig.de\/wordpress\/index.php?rest_route=\/wp\/v2\/posts\/486\/revisions\/487"}],"wp:attachment":[{"href":"https:\/\/www.joerg-neidig.de\/wordpress\/index.php?rest_route=%2Fwp%2Fv2%2Fmedia&parent=486"}],"wp:term":[{"taxonomy":"category","embeddable":true,"href":"https:\/\/www.joerg-neidig.de\/wordpress\/index.php?rest_route=%2Fwp%2Fv2%2Fcategories&post=486"},{"taxonomy":"post_tag","embeddable":true,"href":"https:\/\/www.joerg-neidig.de\/wordpress\/index.php?rest_route=%2Fwp%2Fv2%2Ftags&post=486"}],"curies":[{"name":"wp","href":"https:\/\/api.w.org\/{rel}","templated":true}]}}