{"id":656,"date":"2012-11-10T11:59:43","date_gmt":"2012-11-10T09:59:43","guid":{"rendered":"http:\/\/www.joerg-neidig.de\/wordpress\/?p=656"},"modified":"2012-11-10T12:23:39","modified_gmt":"2012-11-10T10:23:39","slug":"polarkreistaufe-nass-bis-in-die-unnerbux","status":"publish","type":"post","link":"https:\/\/www.joerg-neidig.de\/wordpress\/?p=656","title":{"rendered":"Polarkreistaufe: nass bis in die Unnerb\u00fcx"},"content":{"rendered":"<p>Von der Landschaft in den norwegischen Fjorden bin ich schlichtweg begeistert. Schneebedeckte Berge \u00fcber dampfenden Wasser und dazu noch die leicht melancholische Stimmung durch das eher sp\u00e4rliche Licht sorgen f\u00fcr ein einmaliges Erlebnis. Polarlichter waren gestern zum ersten Mal zu sehen, allerdings nur sehr dezent. (Das war eher ein Schimmern als ein Leuchten.)<br \/>\nHeute morgen haben wir den Polarkreises \u00fcberschritten. Das wurde mit einer kleinen Zeremonie, der Polarkreistaufe, auf dem Au\u00dfendeck gefeiert. Dabei gab es eine ordentliche Kelle Eiswasser in den Nacken. Was soll ich sagen. Angenehm war es nicht. Die Eisw\u00fcrfel rutschten mir langsam den R\u00fccken runter und das Wasser lief mir bis in die Kniekehlen. Das ganze bei ordentlichen Minusgraden. Immerhin gab es danach einen Schnapps und eine Urkunde.<\/p>\n<p><img decoding=\"async\" src=\"http:\/\/www.joerg-neidig.de\/wordpress\/wp-content\/uploads\/2012\/11\/20121110111623.jpg\" style=\"height:375px; width:500px;\" \/><\/p>\n<p><img decoding=\"async\" src=\"http:\/\/www.joerg-neidig.de\/wordpress\/wp-content\/uploads\/2012\/11\/20121110111617.jpg\" style=\"height:375px; width:500px;\" \/><\/p>\n<p>Pictures (c) by J\u00f6rg Neidig. All rights reserved. Private and Commercial use is forebidden.<\/p>\n","protected":false},"excerpt":{"rendered":"<p>Von der Landschaft in den norwegischen Fjorden bin ich schlichtweg begeistert. Schneebedeckte Berge \u00fcber dampfenden Wasser und dazu noch die leicht melancholische Stimmung durch das eher sp\u00e4rliche Licht sorgen f\u00fcr ein einmaliges Erlebnis. Polarlichter waren gestern zum ersten Mal zu sehen, allerdings nur sehr dezent. (Das war eher ein Schimmern als ein Leuchten.) Heute morgen &hellip; <\/p>\n<p class=\"link-more\"><a href=\"https:\/\/www.joerg-neidig.de\/wordpress\/?p=656\" class=\"more-link\"><span class=\"screen-reader-text\">\u201ePolarkreistaufe: nass bis in die Unnerb\u00fcx\u201c <\/span>weiterlesen<\/a><\/p>\n","protected":false},"author":1,"featured_media":0,"comment_status":"open","ping_status":"open","sticky":false,"template":"","format":"standard","meta":{"jetpack_post_was_ever_published":false,"_jetpack_newsletter_access":"","_jetpack_dont_email_post_to_subs":false,"_jetpack_newsletter_tier_id":0,"_jetpack_memberships_contains_paywalled_content":false,"_jetpack_memberships_contains_paid_content":false,"footnotes":""},"categories":[1],"tags":[270],"class_list":["post-656","post","type-post","status-publish","format-standard","hentry","category-kram","tag-kram"],"jetpack_featured_media_url":"","jetpack_shortlink":"https:\/\/wp.me\/p7dzRm-aA","jetpack_sharing_enabled":true,"_links":{"self":[{"href":"https:\/\/www.joerg-neidig.de\/wordpress\/index.php?rest_route=\/wp\/v2\/posts\/656","targetHints":{"allow":["GET"]}}],"collection":[{"href":"https:\/\/www.joerg-neidig.de\/wordpress\/index.php?rest_route=\/wp\/v2\/posts"}],"about":[{"href":"https:\/\/www.joerg-neidig.de\/wordpress\/index.php?rest_route=\/wp\/v2\/types\/post"}],"author":[{"embeddable":true,"href":"https:\/\/www.joerg-neidig.de\/wordpress\/index.php?rest_route=\/wp\/v2\/users\/1"}],"replies":[{"embeddable":true,"href":"https:\/\/www.joerg-neidig.de\/wordpress\/index.php?rest_route=%2Fwp%2Fv2%2Fcomments&post=656"}],"version-history":[{"count":6,"href":"https:\/\/www.joerg-neidig.de\/wordpress\/index.php?rest_route=\/wp\/v2\/posts\/656\/revisions"}],"predecessor-version":[{"id":664,"href":"https:\/\/www.joerg-neidig.de\/wordpress\/index.php?rest_route=\/wp\/v2\/posts\/656\/revisions\/664"}],"wp:attachment":[{"href":"https:\/\/www.joerg-neidig.de\/wordpress\/index.php?rest_route=%2Fwp%2Fv2%2Fmedia&parent=656"}],"wp:term":[{"taxonomy":"category","embeddable":true,"href":"https:\/\/www.joerg-neidig.de\/wordpress\/index.php?rest_route=%2Fwp%2Fv2%2Fcategories&post=656"},{"taxonomy":"post_tag","embeddable":true,"href":"https:\/\/www.joerg-neidig.de\/wordpress\/index.php?rest_route=%2Fwp%2Fv2%2Ftags&post=656"}],"curies":[{"name":"wp","href":"https:\/\/api.w.org\/{rel}","templated":true}]}}