{"id":670,"date":"2012-11-15T20:14:38","date_gmt":"2012-11-15T18:14:38","guid":{"rendered":"http:\/\/www.joerg-neidig.de\/wordpress\/?p=670"},"modified":"2012-11-15T20:42:12","modified_gmt":"2012-11-15T18:42:12","slug":"nordlicht-satt","status":"publish","type":"post","link":"https:\/\/www.joerg-neidig.de\/wordpress\/?p=670","title":{"rendered":"Nordlicht satt"},"content":{"rendered":"<p>Und weil es noch nicht sch\u00f6n genug war, gab es letzten Abend noch einmal Nordlicht satt. Wow, kann ich nur sagen. Da ging echt die Post ab. Der Himmel hat in verschiedenen Farben gegl\u00fcht. Rasend schnell sausten die verschiedenen Lichterformen vor den Sternen auf und ab. Gerade will man eine besonders sch\u00f6ne Erscheinung fotografieren, dann ist sie auch schon wieder weg und ersetzt durch eine noch atemberaubendere auf der gegen\u00fcberliegenden Seite des Himmels. Unser begleitender Nordlicht-Experte meinte beeindruckt, dass er das in einer solchen Farbenpracht auch noch nicht erlebt h\u00e4tte. Die Ursache des Nordlichts war \u00fcbrigens wohl ein selten gro\u00dfer koronarer Massenauswurf.<br \/>\n(Ich hoffe, die Fotos sind gut geworden. Ich werde die dann auf jeden Fall online stellen.)<\/p>\n","protected":false},"excerpt":{"rendered":"<p>Und weil es noch nicht sch\u00f6n genug war, gab es letzten Abend noch einmal Nordlicht satt. Wow, kann ich nur sagen. Da ging echt die Post ab. Der Himmel hat in verschiedenen Farben gegl\u00fcht. Rasend schnell sausten die verschiedenen Lichterformen vor den Sternen auf und ab. Gerade will man eine besonders sch\u00f6ne Erscheinung fotografieren, dann &hellip; <\/p>\n<p class=\"link-more\"><a href=\"https:\/\/www.joerg-neidig.de\/wordpress\/?p=670\" class=\"more-link\"><span class=\"screen-reader-text\">\u201eNordlicht satt\u201c <\/span>weiterlesen<\/a><\/p>\n","protected":false},"author":1,"featured_media":0,"comment_status":"open","ping_status":"open","sticky":false,"template":"","format":"standard","meta":{"jetpack_post_was_ever_published":false,"_jetpack_newsletter_access":"","_jetpack_dont_email_post_to_subs":false,"_jetpack_newsletter_tier_id":0,"_jetpack_memberships_contains_paywalled_content":false,"_jetpack_memberships_contains_paid_content":false,"footnotes":""},"categories":[1],"tags":[270,154,156,24],"class_list":["post-670","post","type-post","status-publish","format-standard","hentry","category-kram","tag-kram","tag-nordlicht","tag-norwegen","tag-urlaub"],"jetpack_featured_media_url":"","jetpack_shortlink":"https:\/\/wp.me\/p7dzRm-aO","jetpack_sharing_enabled":true,"_links":{"self":[{"href":"https:\/\/www.joerg-neidig.de\/wordpress\/index.php?rest_route=\/wp\/v2\/posts\/670","targetHints":{"allow":["GET"]}}],"collection":[{"href":"https:\/\/www.joerg-neidig.de\/wordpress\/index.php?rest_route=\/wp\/v2\/posts"}],"about":[{"href":"https:\/\/www.joerg-neidig.de\/wordpress\/index.php?rest_route=\/wp\/v2\/types\/post"}],"author":[{"embeddable":true,"href":"https:\/\/www.joerg-neidig.de\/wordpress\/index.php?rest_route=\/wp\/v2\/users\/1"}],"replies":[{"embeddable":true,"href":"https:\/\/www.joerg-neidig.de\/wordpress\/index.php?rest_route=%2Fwp%2Fv2%2Fcomments&post=670"}],"version-history":[{"count":3,"href":"https:\/\/www.joerg-neidig.de\/wordpress\/index.php?rest_route=\/wp\/v2\/posts\/670\/revisions"}],"predecessor-version":[{"id":673,"href":"https:\/\/www.joerg-neidig.de\/wordpress\/index.php?rest_route=\/wp\/v2\/posts\/670\/revisions\/673"}],"wp:attachment":[{"href":"https:\/\/www.joerg-neidig.de\/wordpress\/index.php?rest_route=%2Fwp%2Fv2%2Fmedia&parent=670"}],"wp:term":[{"taxonomy":"category","embeddable":true,"href":"https:\/\/www.joerg-neidig.de\/wordpress\/index.php?rest_route=%2Fwp%2Fv2%2Fcategories&post=670"},{"taxonomy":"post_tag","embeddable":true,"href":"https:\/\/www.joerg-neidig.de\/wordpress\/index.php?rest_route=%2Fwp%2Fv2%2Ftags&post=670"}],"curies":[{"name":"wp","href":"https:\/\/api.w.org\/{rel}","templated":true}]}}