{"id":698,"date":"2013-09-30T01:16:53","date_gmt":"2013-09-29T23:16:53","guid":{"rendered":"http:\/\/www.joerg-neidig.de\/wordpress\/?p=698"},"modified":"2013-09-30T01:56:18","modified_gmt":"2013-09-29T23:56:18","slug":"erster-schultag","status":"publish","type":"post","link":"https:\/\/www.joerg-neidig.de\/wordpress\/?p=698","title":{"rendered":"Erster Schultag"},"content":{"rendered":"<figure id=\"attachment_705\" aria-describedby=\"caption-attachment-705\" style=\"width: 300px\" class=\"wp-caption alignright\"><a href=\"http:\/\/www.joerg-neidig.de\/wordpress\/wp-content\/uploads\/2013\/09\/SavedPicture-201393083932.jpg\"><img loading=\"lazy\" decoding=\"async\" class=\"size-medium wp-image-705\" alt=\"Festivit\u00e4ten in Ikebukuro. (c) by J\u00f6rg  Neidig. Alle Rechte vorbehalten\" src=\"http:\/\/www.joerg-neidig.de\/wordpress\/wp-content\/uploads\/2013\/09\/SavedPicture-201393083932-300x168.jpg\" width=\"300\" height=\"168\" srcset=\"https:\/\/www.joerg-neidig.de\/wordpress\/wp-content\/uploads\/2013\/09\/SavedPicture-201393083932-300x168.jpg 300w, https:\/\/www.joerg-neidig.de\/wordpress\/wp-content\/uploads\/2013\/09\/SavedPicture-201393083932-1024x576.jpg 1024w, https:\/\/www.joerg-neidig.de\/wordpress\/wp-content\/uploads\/2013\/09\/SavedPicture-201393083932-588x331.jpg 588w\" sizes=\"auto, (max-width: 300px) 100vw, 300px\" \/><\/a><figcaption id=\"caption-attachment-705\" class=\"wp-caption-text\">Festivit\u00e4ten in Ikebukuro.<br \/>(c) by J\u00f6rg Neidig. Alle Rechte vorbehalten<\/figcaption><\/figure>\n<p>Ich bin gestern gut, aber ein bisschen platt, angekommen. Ohne das es geplant war bin ich gestern dabei mitten in ein japanisches Fest zu Ehren von irgendjemandem reingeplatzt. Direkt vor dem Bahnhofstation Ikebukuru sammelten sich die Massen in traditioneller Kleidung und tragen kleine Alt\u00e4re umher. Interessant, aber wichtiger war nat\u00fcrlich die erste Portion Ramen. Eine ordentliche Sch\u00fcssel voll mit scharfer, tomatenlastiger Br\u00fche, Nudeln, aufgeschnittenen butterzarten Schweinefleisch und ein halbweiches in Sojaso\u00dfe mariniertes Ei. Hammer.<br \/>\nSo, und heute um eins geht es zur Schule. Man darf gespannt sein.<\/p>\n","protected":false},"excerpt":{"rendered":"<p>Ich bin gestern gut, aber ein bisschen platt, angekommen. Ohne das es geplant war bin ich gestern dabei mitten in ein japanisches Fest zu Ehren von irgendjemandem reingeplatzt. Direkt vor dem Bahnhofstation Ikebukuru sammelten sich die Massen in traditioneller Kleidung und tragen kleine Alt\u00e4re umher. Interessant, aber wichtiger war nat\u00fcrlich die erste Portion Ramen. Eine &hellip; <\/p>\n<p class=\"link-more\"><a href=\"https:\/\/www.joerg-neidig.de\/wordpress\/?p=698\" class=\"more-link\"><span class=\"screen-reader-text\">\u201eErster Schultag\u201c <\/span>weiterlesen<\/a><\/p>\n","protected":false},"author":1,"featured_media":0,"comment_status":"open","ping_status":"open","sticky":false,"template":"","format":"standard","meta":{"jetpack_post_was_ever_published":false,"_jetpack_newsletter_access":"","_jetpack_dont_email_post_to_subs":false,"_jetpack_newsletter_tier_id":0,"_jetpack_memberships_contains_paywalled_content":false,"_jetpack_memberships_contains_paid_content":false,"footnotes":""},"categories":[],"tags":[23,26,29],"class_list":["post-698","post","type-post","status-publish","format-standard","hentry","tag-japan","tag-reisen","tag-tokyo"],"jetpack_featured_media_url":"","jetpack_shortlink":"https:\/\/wp.me\/p7dzRm-bg","jetpack_sharing_enabled":true,"_links":{"self":[{"href":"https:\/\/www.joerg-neidig.de\/wordpress\/index.php?rest_route=\/wp\/v2\/posts\/698","targetHints":{"allow":["GET"]}}],"collection":[{"href":"https:\/\/www.joerg-neidig.de\/wordpress\/index.php?rest_route=\/wp\/v2\/posts"}],"about":[{"href":"https:\/\/www.joerg-neidig.de\/wordpress\/index.php?rest_route=\/wp\/v2\/types\/post"}],"author":[{"embeddable":true,"href":"https:\/\/www.joerg-neidig.de\/wordpress\/index.php?rest_route=\/wp\/v2\/users\/1"}],"replies":[{"embeddable":true,"href":"https:\/\/www.joerg-neidig.de\/wordpress\/index.php?rest_route=%2Fwp%2Fv2%2Fcomments&post=698"}],"version-history":[{"count":4,"href":"https:\/\/www.joerg-neidig.de\/wordpress\/index.php?rest_route=\/wp\/v2\/posts\/698\/revisions"}],"predecessor-version":[{"id":706,"href":"https:\/\/www.joerg-neidig.de\/wordpress\/index.php?rest_route=\/wp\/v2\/posts\/698\/revisions\/706"}],"wp:attachment":[{"href":"https:\/\/www.joerg-neidig.de\/wordpress\/index.php?rest_route=%2Fwp%2Fv2%2Fmedia&parent=698"}],"wp:term":[{"taxonomy":"category","embeddable":true,"href":"https:\/\/www.joerg-neidig.de\/wordpress\/index.php?rest_route=%2Fwp%2Fv2%2Fcategories&post=698"},{"taxonomy":"post_tag","embeddable":true,"href":"https:\/\/www.joerg-neidig.de\/wordpress\/index.php?rest_route=%2Fwp%2Fv2%2Ftags&post=698"}],"curies":[{"name":"wp","href":"https:\/\/api.w.org\/{rel}","templated":true}]}}