{"id":869,"date":"2015-05-15T13:57:39","date_gmt":"2015-05-15T11:57:39","guid":{"rendered":"http:\/\/www.joerg-neidig.de\/wordpress\/?p=869"},"modified":"2015-05-15T14:22:40","modified_gmt":"2015-05-15T12:22:40","slug":"garten-und-schrein","status":"publish","type":"post","link":"https:\/\/www.joerg-neidig.de\/wordpress\/?p=869","title":{"rendered":"Garten und Schrein"},"content":{"rendered":"<p>Heute sind Schwester, Schwager und Nichte eingetroffen. Bis sie aber im Hotel eingecheckt hatten und abmarschbereit waren, war es bereits zw\u00f6lf. Wir entschieden uns trotzdem eine gr\u00f6\u00dfere Besichtigungstour zu machen und das sch\u00f6ne Wetter zu nutzen.<\/p>\n<p>Vom japanischen Garten Hama Rikyu ging es per F\u00e4hre zum Stadteil Asakusa, um dort mehrere Tempel zu besichtigen. Ich denke die drei waren von dem Trubel ziemlich beeindruckt. Wahrscheinlich war es aber f\u00fcr den ersten Tag zu viel, denn bereits um halb sechs haben sie alle viere von sich gestreckt. Da half auch nicht, dass wir mehrere Prozessionen sehen konnten, die kleine Schreine zum Tempel getragen haben.<\/p>\n<p>Highlight des Tages: Eine nette \u00e4ltere Dame sa\u00df in der F\u00e4hre hinter uns und hatte einen Narren an meiner Nichte gefressen. Sie hat der Kleinen Origami gebastelt und uns allen ein Eis gekauft.<\/p>\n<p> <a href=\"http:\/\/www.joerg-neidig.de\/wordpress\/wp-content\/uploads\/2015\/05\/SavedPicture-2015515211059.jpg\"> <img decoding=\"async\" class=\"alignnone size-full;\" src=\"http:\/\/www.joerg-neidig.de\/wordpress\/wp-content\/uploads\/2015\/05\/SavedPicture-2015515211059.jpg\" alt=\"\" \/> <\/a><br \/>\n<em>Picture (c) by J\u00f6rg Neidig. All rights reserved.<\/em><\/p>\n","protected":false},"excerpt":{"rendered":"<p>Heute sind Schwester, Schwager und Nichte eingetroffen. Bis sie aber im Hotel eingecheckt hatten und abmarschbereit waren, war es bereits zw\u00f6lf. Wir entschieden uns trotzdem eine gr\u00f6\u00dfere Besichtigungstour zu machen und das sch\u00f6ne Wetter zu nutzen. Vom japanischen Garten Hama Rikyu ging es per F\u00e4hre zum Stadteil Asakusa, um dort mehrere Tempel zu besichtigen. Ich &hellip; <\/p>\n<p class=\"link-more\"><a href=\"https:\/\/www.joerg-neidig.de\/wordpress\/?p=869\" class=\"more-link\"><span class=\"screen-reader-text\">\u201eGarten und Schrein\u201c <\/span>weiterlesen<\/a><\/p>\n","protected":false},"author":1,"featured_media":0,"comment_status":"open","ping_status":"open","sticky":false,"template":"","format":"standard","meta":{"jetpack_post_was_ever_published":false,"_jetpack_newsletter_access":"","_jetpack_dont_email_post_to_subs":false,"_jetpack_newsletter_tier_id":0,"_jetpack_memberships_contains_paywalled_content":false,"_jetpack_memberships_contains_paid_content":false,"footnotes":""},"categories":[],"tags":[170,23,26,171],"class_list":["post-869","post","type-post","status-publish","format-standard","hentry","tag-asakusa","tag-japan","tag-reisen","tag-senso-ji"],"jetpack_featured_media_url":"","jetpack_shortlink":"https:\/\/wp.me\/p7dzRm-e1","jetpack_sharing_enabled":true,"_links":{"self":[{"href":"https:\/\/www.joerg-neidig.de\/wordpress\/index.php?rest_route=\/wp\/v2\/posts\/869","targetHints":{"allow":["GET"]}}],"collection":[{"href":"https:\/\/www.joerg-neidig.de\/wordpress\/index.php?rest_route=\/wp\/v2\/posts"}],"about":[{"href":"https:\/\/www.joerg-neidig.de\/wordpress\/index.php?rest_route=\/wp\/v2\/types\/post"}],"author":[{"embeddable":true,"href":"https:\/\/www.joerg-neidig.de\/wordpress\/index.php?rest_route=\/wp\/v2\/users\/1"}],"replies":[{"embeddable":true,"href":"https:\/\/www.joerg-neidig.de\/wordpress\/index.php?rest_route=%2Fwp%2Fv2%2Fcomments&post=869"}],"version-history":[{"count":8,"href":"https:\/\/www.joerg-neidig.de\/wordpress\/index.php?rest_route=\/wp\/v2\/posts\/869\/revisions"}],"predecessor-version":[{"id":878,"href":"https:\/\/www.joerg-neidig.de\/wordpress\/index.php?rest_route=\/wp\/v2\/posts\/869\/revisions\/878"}],"wp:attachment":[{"href":"https:\/\/www.joerg-neidig.de\/wordpress\/index.php?rest_route=%2Fwp%2Fv2%2Fmedia&parent=869"}],"wp:term":[{"taxonomy":"category","embeddable":true,"href":"https:\/\/www.joerg-neidig.de\/wordpress\/index.php?rest_route=%2Fwp%2Fv2%2Fcategories&post=869"},{"taxonomy":"post_tag","embeddable":true,"href":"https:\/\/www.joerg-neidig.de\/wordpress\/index.php?rest_route=%2Fwp%2Fv2%2Ftags&post=869"}],"curies":[{"name":"wp","href":"https:\/\/api.w.org\/{rel}","templated":true}]}}