{"id":978,"date":"2016-02-17T18:51:34","date_gmt":"2016-02-17T16:51:34","guid":{"rendered":"http:\/\/www.joerg-neidig.de\/wordpress\/?p=978"},"modified":"2016-06-20T21:59:44","modified_gmt":"2016-06-20T19:59:44","slug":"gluck-gehort-eben-auch-dazu-ii","status":"publish","type":"post","link":"https:\/\/www.joerg-neidig.de\/wordpress\/?p=978","title":{"rendered":"Gl\u00fcck geh\u00f6rt halt auch dazu II"},"content":{"rendered":"<p>16.02.16<\/p>\n<p>Tsch\u00fcss Tarangire, hallo Serengeti. Dass stand heute auf dem Programm. Und da wir daf\u00fcr ordentlich Distanz \u00fcberbr\u00fccken mussten, musste heute sogar um 5:00 Uhr aufgestanden werden. Eigentlich stand uns ein langer anstrengender Tag bevor, der ausschlie\u00dflich aus einer Autofahrt im Gel\u00e4ndewagen auf schlechten, staubigen Stra\u00dfen bestehen sollte. Anstrengend und staubig stimmt, aber langweilig war es nicht.<\/p>\n<p>Der Tag war der Hammer.<\/p>\n<p>Warum? Wir ware alle m\u00fcde und das ununterbrochene R\u00fctteln im Wagen hatte uns wirklich zerm\u00fcrbt. Die Hitze war unertr\u00e4glich. Mir tat alles weh und die Stimmung war auf dem Nullpunkt.<br \/>\nDann fuhren wir zur ber\u00fchmten\u00a0Olduvai-Schlucht in dem einge der wichtigsten arch\u00e4ologischen Funden zu unserer Entstehungsgeschichte gefunden wurden.\u00a0Der <em>Homo habilis<\/em> wanderte vor\u00a01,9 Millionen Jahren durch dieses Tal. \u00a0Hier war der Ursprung der Menschheit. Das ist alles unglaublich beeindruckend, aber ich war so kaputt, dass ich den Ausf\u00fchrungen unserer Reiseleiterin kaum folgen wollte. Als sie uns dann auch noch in ein verstaubtes &#8222;Museum&#8220; f\u00fchrte und praktisch jedes Exponat einzeln erkl\u00e4rte, sank die Stimmung in vorab unbekannte Tiefen.<\/p>\n<p>Und dann passierte es. Wir fuhren durch die Pufferzone kurz vor der Serengeti als wir pl\u00f6tzlich bemerkten, dass auf der rechten Wagenseite Gnus zu sehen waren. Die waren zwar ein gutes St\u00fcck weit weg, aber dann viel uns auf, ui, das sind ja ganz sch\u00f6n viele. Hm, konnte das sein, dass die Punkte am Horizont auch welche waren? Langsam fuhren wir weiter und je weiter wir kamen, desto n\u00e4her waren die Tiere an der Stra\u00dfe. Und es wurden immer mehr und alle liefen sie in die selbe Richtung. Zwischen den Gnus liefen immer wieder auch Zebras mit. Sp\u00e4testens als wir sahen, dass vor uns ein nicht abnehmender Zug an Tieren die Stra\u00dfe \u00fcberquerte, war es klar. Wir standen inmitten der legend\u00e4ren Migration, einer der gro\u00dfen Tierwanderungen durch die Serengeti und dar\u00fcber hinaus. Es war unbeschreiblich. Anfang und Ende des Zugs waren nicht auszumachen und erstreckte sich von Horizont bis Horizont. Der Strom der Tiere war wie eine Urgewalt und wir standen mittendrin. Das waren genau die Bilder auf die der National Geographic scharf ist. Unser Fahrer meinte nur:&#8220;You are very very lucky to be able to see this.&#8220; Irgendwann mussten wir dann aber doch weiter und unser Fahrer bahnte sich sachte einen Weg durch die Massen.<\/p>\n<p>Kurz darauf betraten wir die Serengeti als pl\u00f6tzlich der Wagen vor uns voll in die Eisen ging und ein paar Meter zur\u00fcckfuhr. Als wir herankamen sahen wir auch warum. Ca. 5 Meter vom Wegesrand lagen 2 L\u00f6wen seelenruhig im hohen Grass und schliefen. Einer hob mal kurz den Kopf, um zu schauen wo der Krach herkam, machte es sich aber gleich wieder gem\u00fctlich. Kurz darauf kam noch ein dritter L\u00f6we hinzu, be\u00e4ugte uns kurz und legte sich dann zu den beiden. Es war ein magischer Moment, der uns allen die Sprache verschlug und wir k\u00f6nnten uns einfach nicht satt sehen. Es wurde allerdings dunkel und der Fahrer dr\u00e4ngelte. Nur m\u00fchsam rissen wir uns los. Als uns dann noch eine Gruppe Schakale auf der Stra\u00dfe entgegenlief war klar, dass jeder von uns die Serengeti schon jetzt f\u00fcr immer in Erinnerung halten w\u00fcrde.<\/p>\n<p><img decoding=\"async\" class=\"alignnone size-full;\" src=\"http:\/\/www.joerg-neidig.de\/wordpress\/wp-content\/uploads\/2016\/02\/SavedPicture-201621863542.jpg\" \/><\/p>\n","protected":false},"excerpt":{"rendered":"<p>16.02.16 Tsch\u00fcss Tarangire, hallo Serengeti. Dass stand heute auf dem Programm. Und da wir daf\u00fcr ordentlich Distanz \u00fcberbr\u00fccken mussten, musste heute sogar um 5:00 Uhr aufgestanden werden. Eigentlich stand uns ein langer anstrengender Tag bevor, der ausschlie\u00dflich aus einer Autofahrt im Gel\u00e4ndewagen auf schlechten, staubigen Stra\u00dfen bestehen sollte. Anstrengend und staubig stimmt, aber langweilig war &hellip; <\/p>\n<p class=\"link-more\"><a href=\"https:\/\/www.joerg-neidig.de\/wordpress\/?p=978\" class=\"more-link\"><span class=\"screen-reader-text\">\u201eGl\u00fcck geh\u00f6rt halt auch dazu II\u201c <\/span>weiterlesen<\/a><\/p>\n","protected":false},"author":1,"featured_media":0,"comment_status":"open","ping_status":"open","sticky":false,"template":"","format":"standard","meta":{"jetpack_post_was_ever_published":false,"_jetpack_newsletter_access":"","_jetpack_dont_email_post_to_subs":false,"_jetpack_newsletter_tier_id":0,"_jetpack_memberships_contains_paywalled_content":false,"_jetpack_memberships_contains_paid_content":false,"footnotes":""},"categories":[1],"tags":[270,199,185,184,24],"class_list":["post-978","post","type-post","status-publish","format-standard","hentry","category-kram","tag-kram","tag-lucy","tag-serengeti","tag-tansania","tag-urlaub"],"jetpack_featured_media_url":"","jetpack_shortlink":"https:\/\/wp.me\/p7dzRm-fM","jetpack_sharing_enabled":true,"_links":{"self":[{"href":"https:\/\/www.joerg-neidig.de\/wordpress\/index.php?rest_route=\/wp\/v2\/posts\/978","targetHints":{"allow":["GET"]}}],"collection":[{"href":"https:\/\/www.joerg-neidig.de\/wordpress\/index.php?rest_route=\/wp\/v2\/posts"}],"about":[{"href":"https:\/\/www.joerg-neidig.de\/wordpress\/index.php?rest_route=\/wp\/v2\/types\/post"}],"author":[{"embeddable":true,"href":"https:\/\/www.joerg-neidig.de\/wordpress\/index.php?rest_route=\/wp\/v2\/users\/1"}],"replies":[{"embeddable":true,"href":"https:\/\/www.joerg-neidig.de\/wordpress\/index.php?rest_route=%2Fwp%2Fv2%2Fcomments&post=978"}],"version-history":[{"count":5,"href":"https:\/\/www.joerg-neidig.de\/wordpress\/index.php?rest_route=\/wp\/v2\/posts\/978\/revisions"}],"predecessor-version":[{"id":1071,"href":"https:\/\/www.joerg-neidig.de\/wordpress\/index.php?rest_route=\/wp\/v2\/posts\/978\/revisions\/1071"}],"wp:attachment":[{"href":"https:\/\/www.joerg-neidig.de\/wordpress\/index.php?rest_route=%2Fwp%2Fv2%2Fmedia&parent=978"}],"wp:term":[{"taxonomy":"category","embeddable":true,"href":"https:\/\/www.joerg-neidig.de\/wordpress\/index.php?rest_route=%2Fwp%2Fv2%2Fcategories&post=978"},{"taxonomy":"post_tag","embeddable":true,"href":"https:\/\/www.joerg-neidig.de\/wordpress\/index.php?rest_route=%2Fwp%2Fv2%2Ftags&post=978"}],"curies":[{"name":"wp","href":"https:\/\/api.w.org\/{rel}","templated":true}]}}